{"id":455,"date":"2014-05-07T21:08:16","date_gmt":"2014-05-07T20:08:16","guid":{"rendered":"http:\/\/volleyblog.fischer-hameln.de\/?p=455"},"modified":"2014-05-07T21:08:16","modified_gmt":"2014-05-07T20:08:16","slug":"kann-nicht-zum-training-kommen","status":"publish","type":"post","link":"http:\/\/volleyblog.fischer-hameln.de\/?p=455","title":{"rendered":"kann nicht zum Training kommen,"},"content":{"rendered":"<p>war Sonntag und Montag in der Neurologie in Hess.-Oldendorf, Verdacht auf Schlaganfall&#8230;.hat sich aber zum Gl\u00fcck nicht best\u00e4tigt. Linke Gesichtsh\u00e4lfte gel\u00e4hmt. alle 3 \u00c4ste des Gesichtsnerves links sind betroffen,d.h., das Auge kann ich nicht schlie\u00dfen, Stirn nicht runzeln und der Mund ist total schief&#8230;.Nehme Cortison und jeden Tag KG und Elektrotherapie&#8230;..Hoffe, die Entz\u00fcndung geht bald zur\u00fcck, dann wirds wieder besser&#8230;Liebe Gr\u00fc\u00dfe und viel Spa\u00df beim Training von Gisela <\/p>\n","protected":false},"excerpt":{"rendered":"<p>war Sonntag und Montag in der Neurologie in Hess.-Oldendorf, Verdacht auf Schlaganfall&#8230;.hat sich aber zum Gl\u00fcck nicht best\u00e4tigt. Linke Gesichtsh\u00e4lfte gel\u00e4hmt. alle 3 \u00c4ste des Gesichtsnerves links sind betroffen,d.h., das Auge kann ich nicht schlie\u00dfen, Stirn nicht runzeln und der Mund ist total schief&#8230;.Nehme Cortison und jeden Tag KG und Elektrotherapie&#8230;..Hoffe, die Entz\u00fcndung geht bald [&hellip;]<\/p>\n","protected":false},"author":14,"featured_media":0,"comment_status":"closed","ping_status":"closed","sticky":false,"template":"","format":"standard","meta":{"footnotes":""},"categories":[1],"tags":[],"class_list":["post-455","post","type-post","status-publish","format-standard","hentry","category-allgemein"],"_links":{"self":[{"href":"http:\/\/volleyblog.fischer-hameln.de\/index.php?rest_route=\/wp\/v2\/posts\/455","targetHints":{"allow":["GET"]}}],"collection":[{"href":"http:\/\/volleyblog.fischer-hameln.de\/index.php?rest_route=\/wp\/v2\/posts"}],"about":[{"href":"http:\/\/volleyblog.fischer-hameln.de\/index.php?rest_route=\/wp\/v2\/types\/post"}],"author":[{"embeddable":true,"href":"http:\/\/volleyblog.fischer-hameln.de\/index.php?rest_route=\/wp\/v2\/users\/14"}],"replies":[{"embeddable":true,"href":"http:\/\/volleyblog.fischer-hameln.de\/index.php?rest_route=%2Fwp%2Fv2%2Fcomments&post=455"}],"version-history":[{"count":1,"href":"http:\/\/volleyblog.fischer-hameln.de\/index.php?rest_route=\/wp\/v2\/posts\/455\/revisions"}],"predecessor-version":[{"id":456,"href":"http:\/\/volleyblog.fischer-hameln.de\/index.php?rest_route=\/wp\/v2\/posts\/455\/revisions\/456"}],"wp:attachment":[{"href":"http:\/\/volleyblog.fischer-hameln.de\/index.php?rest_route=%2Fwp%2Fv2%2Fmedia&parent=455"}],"wp:term":[{"taxonomy":"category","embeddable":true,"href":"http:\/\/volleyblog.fischer-hameln.de\/index.php?rest_route=%2Fwp%2Fv2%2Fcategories&post=455"},{"taxonomy":"post_tag","embeddable":true,"href":"http:\/\/volleyblog.fischer-hameln.de\/index.php?rest_route=%2Fwp%2Fv2%2Ftags&post=455"}],"curies":[{"name":"wp","href":"https:\/\/api.w.org\/{rel}","templated":true}]}}