{"id":304,"date":"2012-06-25T23:05:25","date_gmt":"2012-06-25T21:05:25","guid":{"rendered":"http:\/\/volleyblog.fischer-hameln.de\/?p=304"},"modified":"2012-06-27T15:53:04","modified_gmt":"2012-06-27T13:53:04","slug":"mittwoch-27-juni-voraussichtlich-halle","status":"publish","type":"post","link":"http:\/\/volleyblog.fischer-hameln.de\/?p=304","title":{"rendered":"Upupdate: Mittwoch, 27. Juni &#8211; Halle 19 Uhr"},"content":{"rendered":"<p>Moin,<\/p>\n<p><span class=\"Apple-style-span\"><strike>die Wettervorhersage ist noch nicht ganz eindeutig, momentan sehe ich eine Tendenz f\u00fcr die Halle eine Tendenz f\u00fcr Sand um 18 Uhr. Bei schlechterem Wetter (=Regen) k\u00f6nnten wir auch bereit<\/strike>s um 19 Uhr in die Halle, damit wir zum Halbfinalspiel fertig sind.\u00a0 <strike>Es w\u00e4re sch\u00f6n, wenn alle, die noch oder wieder im Lande sind, kurz ein Lebenszeichen von sich geben w\u00fcrden.<\/strike>\u00a0<\/span><span class=\"Apple-style-span\">(Ich habe noch Konferenz, komme,aber eventuell etwas sp\u00e4ter).<\/span><\/p>\n<p>Bis Mittwoch<\/p>\n<p>Hannes<\/p>\n","protected":false},"excerpt":{"rendered":"<p>Moin, die Wettervorhersage ist noch nicht ganz eindeutig, momentan sehe ich eine Tendenz f\u00fcr die Halle eine Tendenz f\u00fcr Sand um 18 Uhr. Bei schlechterem Wetter (=Regen) k\u00f6nnten wir auch bereits um 19 Uhr in die Halle, damit wir zum Halbfinalspiel fertig sind.\u00a0 Es w\u00e4re sch\u00f6n, wenn alle, die noch oder wieder im Lande sind, [&hellip;]<\/p>\n","protected":false},"author":1,"featured_media":0,"comment_status":"open","ping_status":"open","sticky":false,"template":"","format":"standard","meta":{"footnotes":""},"categories":[1],"tags":[],"class_list":["post-304","post","type-post","status-publish","format-standard","hentry","category-allgemein"],"_links":{"self":[{"href":"http:\/\/volleyblog.fischer-hameln.de\/index.php?rest_route=\/wp\/v2\/posts\/304","targetHints":{"allow":["GET"]}}],"collection":[{"href":"http:\/\/volleyblog.fischer-hameln.de\/index.php?rest_route=\/wp\/v2\/posts"}],"about":[{"href":"http:\/\/volleyblog.fischer-hameln.de\/index.php?rest_route=\/wp\/v2\/types\/post"}],"author":[{"embeddable":true,"href":"http:\/\/volleyblog.fischer-hameln.de\/index.php?rest_route=\/wp\/v2\/users\/1"}],"replies":[{"embeddable":true,"href":"http:\/\/volleyblog.fischer-hameln.de\/index.php?rest_route=%2Fwp%2Fv2%2Fcomments&post=304"}],"version-history":[{"count":0,"href":"http:\/\/volleyblog.fischer-hameln.de\/index.php?rest_route=\/wp\/v2\/posts\/304\/revisions"}],"wp:attachment":[{"href":"http:\/\/volleyblog.fischer-hameln.de\/index.php?rest_route=%2Fwp%2Fv2%2Fmedia&parent=304"}],"wp:term":[{"taxonomy":"category","embeddable":true,"href":"http:\/\/volleyblog.fischer-hameln.de\/index.php?rest_route=%2Fwp%2Fv2%2Fcategories&post=304"},{"taxonomy":"post_tag","embeddable":true,"href":"http:\/\/volleyblog.fischer-hameln.de\/index.php?rest_route=%2Fwp%2Fv2%2Ftags&post=304"}],"curies":[{"name":"wp","href":"https:\/\/api.w.org\/{rel}","templated":true}]}}