{"id":1168,"date":"2019-06-04T16:05:37","date_gmt":"2019-06-04T15:05:37","guid":{"rendered":"http:\/\/volleyblog.fischer-hameln.de\/?p=1168"},"modified":"2019-06-04T16:05:38","modified_gmt":"2019-06-04T15:05:38","slug":"der-sand-ruft","status":"publish","type":"post","link":"http:\/\/volleyblog.fischer-hameln.de\/?p=1168","title":{"rendered":"Der Sand ruft&#8230;"},"content":{"rendered":"\n<p>&#8230;muss aber erst noch bereinigt werden.<\/p>\n\n\n\n<p>Ich war gerade auf dem Beachplatz, der doch weitfl\u00e4chig begr\u00fcnt ist. Daher habe ich das Netz noch nicht aufgeh\u00e4ngt. Wir sollten uns demn\u00e4chst der Pflege widmen, damit wir demn\u00e4chst wieder dem Spiel im Sand fr\u00f6nen k\u00f6nnen.<\/p>\n\n\n\n<p><strong>Mein Vorschlag: am Donnerstag, 06. Juni, ab 17 Uhr Arbeitseinsatz<\/strong>, je nach Teilnehmerzahl k\u00f6nnten wir dann <strong>vielleicht<\/strong> anschlie\u00dfend auch schon spielen (was ich eigentlich nicht glaube). Falls m\u00f6glich, einen Eimer und evtl. ein &#8222;Grabewerkzeug&#8220; mitbringen. Wer erst sp\u00e4ter kann, kommt dann eben sp\u00e4ter.<\/p>\n\n\n\n<p>Bis dahin<\/p>\n\n\n\n<p>LG Hannes<\/p>\n","protected":false},"excerpt":{"rendered":"<p>&#8230;muss aber erst noch bereinigt werden. Ich war gerade auf dem Beachplatz, der doch weitfl\u00e4chig begr\u00fcnt ist. Daher habe ich das Netz noch nicht aufgeh\u00e4ngt. Wir sollten uns demn\u00e4chst der Pflege widmen, damit wir demn\u00e4chst wieder dem Spiel im Sand fr\u00f6nen k\u00f6nnen. Mein Vorschlag: am Donnerstag, 06. Juni, ab 17 Uhr Arbeitseinsatz, je nach Teilnehmerzahl [&hellip;]<\/p>\n","protected":false},"author":1,"featured_media":0,"comment_status":"closed","ping_status":"closed","sticky":false,"template":"","format":"standard","meta":{"footnotes":""},"categories":[1],"tags":[],"class_list":["post-1168","post","type-post","status-publish","format-standard","hentry","category-allgemein"],"_links":{"self":[{"href":"http:\/\/volleyblog.fischer-hameln.de\/index.php?rest_route=\/wp\/v2\/posts\/1168","targetHints":{"allow":["GET"]}}],"collection":[{"href":"http:\/\/volleyblog.fischer-hameln.de\/index.php?rest_route=\/wp\/v2\/posts"}],"about":[{"href":"http:\/\/volleyblog.fischer-hameln.de\/index.php?rest_route=\/wp\/v2\/types\/post"}],"author":[{"embeddable":true,"href":"http:\/\/volleyblog.fischer-hameln.de\/index.php?rest_route=\/wp\/v2\/users\/1"}],"replies":[{"embeddable":true,"href":"http:\/\/volleyblog.fischer-hameln.de\/index.php?rest_route=%2Fwp%2Fv2%2Fcomments&post=1168"}],"version-history":[{"count":3,"href":"http:\/\/volleyblog.fischer-hameln.de\/index.php?rest_route=\/wp\/v2\/posts\/1168\/revisions"}],"predecessor-version":[{"id":1171,"href":"http:\/\/volleyblog.fischer-hameln.de\/index.php?rest_route=\/wp\/v2\/posts\/1168\/revisions\/1171"}],"wp:attachment":[{"href":"http:\/\/volleyblog.fischer-hameln.de\/index.php?rest_route=%2Fwp%2Fv2%2Fmedia&parent=1168"}],"wp:term":[{"taxonomy":"category","embeddable":true,"href":"http:\/\/volleyblog.fischer-hameln.de\/index.php?rest_route=%2Fwp%2Fv2%2Fcategories&post=1168"},{"taxonomy":"post_tag","embeddable":true,"href":"http:\/\/volleyblog.fischer-hameln.de\/index.php?rest_route=%2Fwp%2Fv2%2Ftags&post=1168"}],"curies":[{"name":"wp","href":"https:\/\/api.w.org\/{rel}","templated":true}]}}